{"id":864,"date":"2024-04-21T23:25:14","date_gmt":"2024-04-21T21:25:14","guid":{"rendered":"https:\/\/prixchinguitt.mr\/fr\/?p=864"},"modified":"2024-04-21T23:25:14","modified_gmt":"2024-04-21T21:25:14","slug":"proces-verbal-de-la-reunion-du-conseil-du-prix-chinguitt","status":"publish","type":"post","link":"https:\/\/prixchinguitt.mr\/fr\/?p=864","title":{"rendered":"Proc\u00e8s Verbal de la r\u00e9union du Conseil du Prix Chinguitt"},"content":{"rendered":"\n<p>La r\u00e9union du Conseil du Prix de Chinguitt s&rsquo;est tenue le mercredi 17\/4\/2024\u00a0 \u00e0 11 heures du matin au si\u00e8ge du conseil. La r\u00e9union \u00e9tait pr\u00e9sid\u00e9e par le pr\u00e9sident du conseil, <strong>Isselkou Ahmed Izid Bih<\/strong>. Apr\u00e8s avoir v\u00e9rifi\u00e9 le quorum, le pr\u00e9sident a accueilli les participants et a propos\u00e9 un ordre du jour en deux points : les r\u00e9sultats des candidatures soumises cette ann\u00e9e et questions diverses. Le secr\u00e9taire permanent du Conseil a pr\u00e9sent\u00e9 les r\u00e9sultats des candidatures comme suit :<\/p>\n\n\n\n<p>1- \u00c9tudes Islamiques : 25 recherches;<\/p>\n\n\n\n<p>2- Sciences et Technologies : 14 recherches;<\/p>\n\n\n\n<p>3- Lettres et Arts : 17 recherches.<\/p>\n\n\n\n<p>Le Conseil a discut\u00e9 de ce bilan positif, le nombre total de candidatures cette ann\u00e9e \u00e9tant le plus \u00e9lev\u00e9 depuis la cr\u00e9ation du prix en 1999. <\/p>\n\n\n\n<p>Le pr\u00e9sident a soulign\u00e9 que le conseil avait accord\u00e9 aux commissions sp\u00e9cialis\u00e9es les pouvoirs n\u00e9cessaires pour r\u00e9ussir le processus de s\u00e9lection des laur\u00e9ats, et a confirm\u00e9 l&rsquo;adoption par le conseil de la liste des experts pr\u00e9sent\u00e9e par les membres, chaque commission ayant le droit d&rsquo;ajouter ceux qu&rsquo;elle juge appropri\u00e9 pour l&rsquo;arbitrage. <\/p>\n\n\n\n<p>\u00c0 la fin de la r\u00e9union, quelques points divers concernant le Conseil et le bon d\u00e9roulement de son travail ont \u00e9t\u00e9 discut\u00e9s. <\/p>\n\n\n\n<p>La s\u00e9ance a \u00e9t\u00e9 cl\u00f4tur\u00e9e \u00e0 13 heures.<\/p>\n","protected":false},"excerpt":{"rendered":"<p>La r\u00e9union du Conseil du Prix de Chinguitt s&rsquo;est tenue le mercredi 17\/4\/2024\u00a0 \u00e0 11 heures du matin au si\u00e8ge du conseil. La r\u00e9union \u00e9tait [&#8230;]<\/p>\n","protected":false},"author":1,"featured_media":259,"comment_status":"open","ping_status":"open","sticky":false,"template":"","format":"standard","meta":{"footnotes":""},"categories":[5],"tags":[],"class_list":["post-864","post","type-post","status-publish","format-standard","has-post-thumbnail","hentry","category-actualite"],"_links":{"self":[{"href":"https:\/\/prixchinguitt.mr\/fr\/index.php?rest_route=\/wp\/v2\/posts\/864","targetHints":{"allow":["GET"]}}],"collection":[{"href":"https:\/\/prixchinguitt.mr\/fr\/index.php?rest_route=\/wp\/v2\/posts"}],"about":[{"href":"https:\/\/prixchinguitt.mr\/fr\/index.php?rest_route=\/wp\/v2\/types\/post"}],"author":[{"embeddable":true,"href":"https:\/\/prixchinguitt.mr\/fr\/index.php?rest_route=\/wp\/v2\/users\/1"}],"replies":[{"embeddable":true,"href":"https:\/\/prixchinguitt.mr\/fr\/index.php?rest_route=%2Fwp%2Fv2%2Fcomments&post=864"}],"version-history":[{"count":1,"href":"https:\/\/prixchinguitt.mr\/fr\/index.php?rest_route=\/wp\/v2\/posts\/864\/revisions"}],"predecessor-version":[{"id":865,"href":"https:\/\/prixchinguitt.mr\/fr\/index.php?rest_route=\/wp\/v2\/posts\/864\/revisions\/865"}],"wp:featuredmedia":[{"embeddable":true,"href":"https:\/\/prixchinguitt.mr\/fr\/index.php?rest_route=\/wp\/v2\/media\/259"}],"wp:attachment":[{"href":"https:\/\/prixchinguitt.mr\/fr\/index.php?rest_route=%2Fwp%2Fv2%2Fmedia&parent=864"}],"wp:term":[{"taxonomy":"category","embeddable":true,"href":"https:\/\/prixchinguitt.mr\/fr\/index.php?rest_route=%2Fwp%2Fv2%2Fcategories&post=864"},{"taxonomy":"post_tag","embeddable":true,"href":"https:\/\/prixchinguitt.mr\/fr\/index.php?rest_route=%2Fwp%2Fv2%2Ftags&post=864"}],"curies":[{"name":"wp","href":"https:\/\/api.w.org\/{rel}","templated":true}]}}